{"id":3914,"date":"2021-09-02T08:01:04","date_gmt":"2021-09-02T08:01:04","guid":{"rendered":"https:\/\/isd-sa.com\/?p=3914"},"modified":"2023-01-11T07:07:30","modified_gmt":"2023-01-11T07:07:30","slug":"fed-2021","status":"publish","type":"post","link":"https:\/\/isd-sa.com\/en\/fed-2021\/","title":{"rendered":"FED 2021"},"content":{"rendered":"<p>[et_pb_section fb_built=\u00a0\u00bb1&Prime; _builder_version=\u00a0\u00bb4.19.4&Prime; _module_preset=\u00a0\u00bbdefault\u00a0\u00bb custom_margin=\u00a0\u00bb0%|0%|0%|0%|true|true\u00a0\u00bb custom_padding=\u00a0\u00bb0%|0%|0%|0%|true|true\u00a0\u00bb global_colors_info=\u00a0\u00bb{}\u00a0\u00bb theme_builder_area=\u00a0\u00bbpost_content\u00a0\u00bb][et_pb_row column_structure=\u00a0\u00bb2_3,1_3&Prime; _builder_version=\u00a0\u00bb4.18.0&Prime; _module_preset=\u00a0\u00bbdefault\u00a0\u00bb global_colors_info=\u00a0\u00bb{}\u00a0\u00bb theme_builder_area=\u00a0\u00bbpost_content\u00a0\u00bb][et_pb_column type=\u00a0\u00bb2_3&Prime; _builder_version=\u00a0\u00bb4.18.0&Prime; _module_preset=\u00a0\u00bbdefault\u00a0\u00bb global_colors_info=\u00a0\u00bb{}\u00a0\u00bb theme_builder_area=\u00a0\u00bbpost_content\u00a0\u00bb][et_pb_text _builder_version=\u00a0\u00bb4.19.3&Prime; _module_preset=\u00a0\u00bbdefault\u00a0\u00bb text_font=\u00a0\u00bbMontserrat||||||||\u00a0\u00bb text_orientation=\u00a0\u00bbjustified\u00a0\u00bb text_font_size_tablet=\u00a0\u00bb\u00a0\u00bb text_font_size_phone=\u00a0\u00bb\u00a0\u00bb text_font_size_last_edited=\u00a0\u00bbon|desktop\u00a0\u00bb global_colors_info=\u00a0\u00bb{}\u00a0\u00bb theme_builder_area=\u00a0\u00bbpost_content\u00a0\u00bb]<\/p>\n<h1>FED 2021<\/h1>\n<p><strong>par Benjamin Videt | 2 Sep 2021 | \u00c9v\u00e9nement | 0 commentaires<\/strong><\/p>\n<p>&nbsp;<\/p>\n<p>Retrouvez-nous au Forum des Entreprises de D\u00e9fense les 13 et 14 octobre !<\/p>\n<p>ISD \u2013 STAND B7 \u2013 HALL 1ISD participera au FED 2021 \u00e0 Versailles Satory, organis\u00e9 par la CCI, la SIMMT et le GICAT.<\/p>\n<p>&nbsp;<\/p>\n<p>Venez nous voir sur le stand B7 Hall 1 les 13 et 14 octobre au Quartier Ing\u00e9nieur G\u00e9n\u00e9ral JAYAT \u2013 Versailles Satory.<\/p>\n<p>&nbsp;<\/p>\n<p>Vous serez accueilli par notre \u00e9quipe qui vous pr\u00e9sentera nos activit\u00e9s et r\u00e9alisations.<\/p>\n<p>La CCI (Chambre de Commerce et d\u2019Industrie) de Paris R\u00e9gion Ile-de-France, la SIMMT (Structure Int\u00e9gr\u00e9e du Maintien en condition op\u00e9rationnelle des Mat\u00e9riels Terrestres) ainsi que le GICAT (Groupement des Industries Fran\u00e7aises de D\u00e9fense et de S\u00e9curit\u00e9 Terrestres et A\u00e9roterrestres), organisent ce rendez-vous bisannuel li\u00e9 au MCO-T regroupant grands industriels, PME\/ETI et institutions \u00e9tatiques.<\/p>\n<p>[\/et_pb_text][\/et_pb_column][et_pb_column type=\u00a0\u00bb1_3&Prime; _builder_version=\u00a0\u00bb4.18.0&Prime; _module_preset=\u00a0\u00bbdefault\u00a0\u00bb global_colors_info=\u00a0\u00bb{}\u00a0\u00bb theme_builder_area=\u00a0\u00bbpost_content\u00a0\u00bb][et_pb_image src=\u00a0\u00bbhttps:\/\/isd-sa.com\/wp-content\/uploads\/2021\/09\/FED-2021.webp\u00a0\u00bb title_text=\u00a0\u00bbFED-2021&Prime; _builder_version=\u00a0\u00bb4.19.3&Prime; _module_preset=\u00a0\u00bbdefault\u00a0\u00bb global_colors_info=\u00a0\u00bb{}\u00a0\u00bb theme_builder_area=\u00a0\u00bbpost_content\u00a0\u00bb][\/et_pb_image][\/et_pb_column][\/et_pb_row][\/et_pb_section]<\/p>\n","protected":false},"excerpt":{"rendered":"<p>FED 2021 par Benjamin Videt | 2 Sep 2021 | \u00c9v\u00e9nement | 0 commentaires &nbsp; Retrouvez-nous au Forum des Entreprises de D\u00e9fense les 13 et 14 octobre ! ISD \u2013 STAND B7 \u2013 HALL 1ISD participera au FED 2021 \u00e0 Versailles Satory, organis\u00e9 par la CCI, la SIMMT et le GICAT. &nbsp; Venez nous voir sur le stand B7 Hall 1 les 13 et 14 octobre au Quartier Ing\u00e9nieur G\u00e9n\u00e9ral JAYAT \u2013 Versailles Satory. &nbsp; Vous serez accueilli par notre \u00e9quipe qui vous pr\u00e9sentera nos activit\u00e9s et r\u00e9alisations. La CCI (Chambre de Commerce et d\u2019Industrie) de Paris R\u00e9gion Ile-de-France, la SIMMT (Structure Int\u00e9gr\u00e9e du Maintien en condition op\u00e9rationnelle des Mat\u00e9riels Terrestres) ainsi que le GICAT (Groupement des Industries Fran\u00e7aises de D\u00e9fense et de S\u00e9curit\u00e9 Terrestres et A\u00e9roterrestres), organisent ce rendez-vous bisannuel li\u00e9 au MCO-T regroupant grands industriels, PME\/ETI et institutions \u00e9tatiques.<\/p>","protected":false},"author":4,"featured_media":3980,"comment_status":"open","ping_status":"closed","sticky":false,"template":"","format":"standard","meta":{"_et_pb_use_builder":"on","_et_pb_old_content":"","_et_gb_content_width":"","footnotes":""},"categories":[78],"tags":[],"class_list":["post-3914","post","type-post","status-publish","format-standard","has-post-thumbnail","hentry","category-evenement"],"aioseo_notices":[],"_links":{"self":[{"href":"https:\/\/isd-sa.com\/en\/wp-json\/wp\/v2\/posts\/3914","targetHints":{"allow":["GET"]}}],"collection":[{"href":"https:\/\/isd-sa.com\/en\/wp-json\/wp\/v2\/posts"}],"about":[{"href":"https:\/\/isd-sa.com\/en\/wp-json\/wp\/v2\/types\/post"}],"author":[{"embeddable":true,"href":"https:\/\/isd-sa.com\/en\/wp-json\/wp\/v2\/users\/4"}],"replies":[{"embeddable":true,"href":"https:\/\/isd-sa.com\/en\/wp-json\/wp\/v2\/comments?post=3914"}],"version-history":[{"count":4,"href":"https:\/\/isd-sa.com\/en\/wp-json\/wp\/v2\/posts\/3914\/revisions"}],"predecessor-version":[{"id":6065,"href":"https:\/\/isd-sa.com\/en\/wp-json\/wp\/v2\/posts\/3914\/revisions\/6065"}],"wp:featuredmedia":[{"embeddable":true,"href":"https:\/\/isd-sa.com\/en\/wp-json\/wp\/v2\/media\/3980"}],"wp:attachment":[{"href":"https:\/\/isd-sa.com\/en\/wp-json\/wp\/v2\/media?parent=3914"}],"wp:term":[{"taxonomy":"category","embeddable":true,"href":"https:\/\/isd-sa.com\/en\/wp-json\/wp\/v2\/categories?post=3914"},{"taxonomy":"post_tag","embeddable":true,"href":"https:\/\/isd-sa.com\/en\/wp-json\/wp\/v2\/tags?post=3914"}],"curies":[{"name":"wp","href":"https:\/\/api.w.org\/{rel}","templated":true}]}}